{"id":2686,"date":"2015-03-25T15:13:08","date_gmt":"2015-03-25T14:13:08","guid":{"rendered":"http:\/\/www.otticavascellari.it\/un-fotografo-veneziano-2\/"},"modified":"2017-06-08T11:09:47","modified_gmt":"2017-06-08T09:09:47","slug":"un-fotografo-veneziano","status":"publish","type":"post","link":"https:\/\/www.otticavascellari.it\/en\/un-fotografo-veneziano\/","title":{"rendered":"Un Fotografo Veneziano"},"content":{"rendered":"<p><a href=\"http:\/\/www.otticavascellari.it\/\/wp-content\/uploads\/2015\/03\/vetrina-ferrigno.jpg\"><img loading=\"lazy\" decoding=\"async\" class=\"aligncenter  wp-image-2678\" src=\"http:\/\/www.otticavascellari.it\/\/wp-content\/uploads\/2015\/03\/vetrina-ferrigno-1024x616.jpg\" alt=\"vetrina-ferrigno\" width=\"892\" height=\"537\" srcset=\"https:\/\/www.otticavascellari.it\/wp-content\/uploads\/2015\/03\/vetrina-ferrigno-1024x616.jpg 1024w, https:\/\/www.otticavascellari.it\/wp-content\/uploads\/2015\/03\/vetrina-ferrigno-600x361.jpg 600w, https:\/\/www.otticavascellari.it\/wp-content\/uploads\/2015\/03\/vetrina-ferrigno-300x180.jpg 300w, https:\/\/www.otticavascellari.it\/wp-content\/uploads\/2015\/03\/vetrina-ferrigno.jpg 1280w\" sizes=\"auto, (max-width: 892px) 100vw, 892px\" \/><\/a><\/p>\n<p>&nbsp;<\/p>\n<p>&nbsp;<\/p>\n<p>&#8220;Gondole, ponti, calli, palazzi e monumenti sono stati fotografati, dall&#8217;analogico al digitale, dal bianco e nero al colore, da una moltitudine di persone, dalle provenienze (geografiche e culturali) pi\u00f9 diverse, con finalit\u00e0 turistiche, professionali o artistiche. Ma se una persona \u00e8 riuscita a fotografare, di questa citt\u00e0, l&#8217;essenza, il cuore, pensiamo allora che questa persona sia proprio Luigi Ferrigno.&#8221;<\/p>\n<p>&nbsp;<\/p>\n<p><em>Silvano Venier &#8211; Archivio della Comunicazione<\/em><\/p>\n<p>&nbsp;<\/p>\n<p><a href=\"http:\/\/www.otticavascellari.it\/\/wp-content\/uploads\/2015\/03\/vetrina-ferrigno2.jpg\"><img loading=\"lazy\" decoding=\"async\" class=\"aligncenter  wp-image-2682\" src=\"http:\/\/www.otticavascellari.it\/\/wp-content\/uploads\/2015\/03\/vetrina-ferrigno2-1024x736.jpg\" alt=\"vetrina-ferrigno2\" width=\"885\" height=\"636\" srcset=\"https:\/\/www.otticavascellari.it\/wp-content\/uploads\/2015\/03\/vetrina-ferrigno2-1024x736.jpg 1024w, https:\/\/www.otticavascellari.it\/wp-content\/uploads\/2015\/03\/vetrina-ferrigno2-600x431.jpg 600w, https:\/\/www.otticavascellari.it\/wp-content\/uploads\/2015\/03\/vetrina-ferrigno2-300x215.jpg 300w, https:\/\/www.otticavascellari.it\/wp-content\/uploads\/2015\/03\/vetrina-ferrigno2.jpg 1280w\" sizes=\"auto, (max-width: 885px) 100vw, 885px\" \/><\/a><\/p>\n<p>&nbsp;<\/p>\n<p>Questa vetrina vuole essere dedicata a una mostra che si terr\u00e0 presso la <strong>Casa del Cinema<\/strong>, Palazzo Mocenigo, San Stae 1990, Venezia, intitolata &#8220;Luci, sguardi e zucchero filato &#8211; Giostre e giostrai a Venezia 1957-1962&#8221; che celebra alcuni capolavori del fotografo veneziano Luigi &#8220;Gigi&#8221; Ferrigno.<\/p>\n<p>La mostra \u00e8 aperta al pubblico, tutti i giorni dal <strong>16\/03 al 13\/06<\/strong> in orario di apertura della Casa del Cinema.<\/p>\n<p>&nbsp;<\/p>\n<p>Ingresso libero.<\/p>\n<p>&nbsp;<\/p>\n<p style=\"text-align: left;\"><a href=\"http:\/\/www.comune.venezia.it\/flex\/cm\/pages\/ServeBLOB.php\/L\/IT\/IDPagina\/2033\" target=\"_blank\" rel=\"noopener\"><img loading=\"lazy\" decoding=\"async\" class=\" wp-image-2683\" src=\"http:\/\/www.otticavascellari.it\/\/wp-content\/uploads\/2015\/03\/CASA_CINEMA_orig.jpg\" alt=\"CASA_CINEMA_orig\" width=\"216\" height=\"62\" srcset=\"https:\/\/www.otticavascellari.it\/wp-content\/uploads\/2015\/03\/CASA_CINEMA_orig.jpg 394w, https:\/\/www.otticavascellari.it\/wp-content\/uploads\/2015\/03\/CASA_CINEMA_orig-300x86.jpg 300w\" sizes=\"auto, (max-width: 216px) 100vw, 216px\" \/><\/a><\/p>\n<p>&nbsp;<\/p>\n<p>&nbsp;<\/p>\n<p>&nbsp;<\/p>\n<p>&nbsp;<\/p>\n<p>&nbsp;<\/p>\n<p>&nbsp;<\/p>\n","protected":false},"excerpt":{"rendered":"<p>&nbsp; &nbsp; &#8220;Gondole, ponti, calli, palazzi e monumenti sono stati fotografati, dall&#8217;analogico al digitale, dal bianco e nero al colore, da una moltitudine di persone, dalle provenienze (geografiche e culturali) pi\u00f9 diverse, con finalit\u00e0 turistiche, professionali o artistiche. Ma se una persona \u00e8 riuscita a fotografare, di questa citt\u00e0, l&#8217;essenza, il cuore, pensiamo allora che [&hellip;]<\/p>\n","protected":false},"author":2,"featured_media":2679,"comment_status":"closed","ping_status":"closed","sticky":false,"template":"","format":"standard","meta":{"footnotes":""},"categories":[2],"tags":[],"class_list":["post-2686","post","type-post","status-publish","format-standard","has-post-thumbnail","hentry","category-news"],"_links":{"self":[{"href":"https:\/\/www.otticavascellari.it\/en\/wp-json\/wp\/v2\/posts\/2686","targetHints":{"allow":["GET"]}}],"collection":[{"href":"https:\/\/www.otticavascellari.it\/en\/wp-json\/wp\/v2\/posts"}],"about":[{"href":"https:\/\/www.otticavascellari.it\/en\/wp-json\/wp\/v2\/types\/post"}],"author":[{"embeddable":true,"href":"https:\/\/www.otticavascellari.it\/en\/wp-json\/wp\/v2\/users\/2"}],"replies":[{"embeddable":true,"href":"https:\/\/www.otticavascellari.it\/en\/wp-json\/wp\/v2\/comments?post=2686"}],"version-history":[{"count":0,"href":"https:\/\/www.otticavascellari.it\/en\/wp-json\/wp\/v2\/posts\/2686\/revisions"}],"wp:featuredmedia":[{"embeddable":true,"href":"https:\/\/www.otticavascellari.it\/en\/wp-json\/wp\/v2\/media\/2679"}],"wp:attachment":[{"href":"https:\/\/www.otticavascellari.it\/en\/wp-json\/wp\/v2\/media?parent=2686"}],"wp:term":[{"taxonomy":"category","embeddable":true,"href":"https:\/\/www.otticavascellari.it\/en\/wp-json\/wp\/v2\/categories?post=2686"},{"taxonomy":"post_tag","embeddable":true,"href":"https:\/\/www.otticavascellari.it\/en\/wp-json\/wp\/v2\/tags?post=2686"}],"curies":[{"name":"wp","href":"https:\/\/api.w.org\/{rel}","templated":true}]}}